{"id":25,"__str__":"14\u00aa Audi\u00eancia P\u00fablica da 2\u00aa Sess\u00e3o Legislativa da 17\u00aa Legislatura","metadata":{},"numero":14,"ano":2018,"nome":"14\u00aa Audi\u00eancia P\u00fablica da 2\u00aa Sess\u00e3o Legislativa da 17\u00aa Legislatura","tema":"Transtorno do Espectro do Autismo","data":"2018-12-13","hora_inicio":"10:00","hora_fim":"","observacao":"AUDI\u00caNCIA P\u00daBLICA EM CONJUNTO COM A ASSEMBLEIA LEGISLATIVA DA PARA\u00cdBA","audiencia_cancelada":false,"url_audio":"","url_video":"","upload_pauta":null,"upload_ata":null,"upload_anexo":null,"materia":null,"tipo":1,"parlamentar_autor":null,"requerimento":null}