{"id":1001393,"__str__":"AUT\u00d3GRAFO n\u00ba 471 de 2024","metadata":{},"numero":471,"ano":2024,"numero_protocolo":null,"data_apresentacao":"2024-12-30","tipo_apresentacao":"E","data_publicacao":null,"numero_origem_externa":"","ano_origem_externa":null,"data_origem_externa":null,"apelido":"","dias_prazo":null,"data_fim_prazo":null,"em_tramitacao":true,"polemica":false,"objeto":"","complementar":false,"ementa":"DISP\u00d5E SOBRE A INCLUS\u00c3O DOS CARGOS ESTABELECIDOS NA LEI N\u00ba. 7.550/2020, INTEGRANTES DO CENTRO DE REFER\u00caNCIA REGIONAL EM SA\u00daDE DO TRABALHADOR DE CAMPINA GRANDE (CEREST/CG), NA LEI COMPLEMENTAR N\u00ba. 63/2011 (PLANO DE CARGOS, CARREIRA E REMUNERA\u00c7\u00c3O PARA OS PROFISSIONAIS DA \u00c1REA DE SA\u00daDE LOTADOS NA SECRETARIA MUNICIPAL DE SA\u00daDE DE CAMPINA GRANDE) E D\u00c1 OUTRAS PROVID\u00caNCIAS","indexacao":"","observacao":"","resultado":"","texto_original":"https://sapl.campinagrande.pb.leg.br/media/sapl/public/materialegislativa/2024/1001393/aut_471_2024.pdf","data_ultima_atualizacao":"2025-02-02T20:52:39.570626-03:00","ip":"179.60.168.192","ultima_edicao":"2025-02-02T19:13:08.305054-03:00","tipo":15,"regime_tramitacao":1,"tipo_origem_externa":null,"local_origem_externa":null,"user":129,"anexadas":[],"autores":[65]}