{"id":43913,"__str__":"PROJETO DE LEI n\u00ba 7 de 2021","metadata":{},"numero":7,"ano":2021,"numero_protocolo":null,"data_apresentacao":"2021-01-06","tipo_apresentacao":"E","data_publicacao":null,"numero_origem_externa":"","ano_origem_externa":null,"data_origem_externa":null,"apelido":"","dias_prazo":null,"data_fim_prazo":null,"em_tramitacao":false,"polemica":false,"objeto":"","complementar":false,"ementa":"ESTABELECE DIA 05 DE MAIO \"DIA MUNICIPAL DE VALORIZA\u00c7\u00c3O DA L\u00cdNGUA PORTUGUESA\" E CRIA MEDIDAS PROTETIVAS AO DIREITO DOS ESTUDANTES DE MUNIC\u00cdPIO AO APRENDIZADO DA L\u00cdNGUA PORTUGUESA DE ACORDO COM A NORMA CULTA E ORIENTA\u00c7\u00d5ES LEGAIS DE ENSINO, NA FORMA QUE MENCIONA","indexacao":"","observacao":"","resultado":"","texto_original":"https://sapl.campinagrande.pb.leg.br/media/sapl/public/materialegislativa/2021/43913/pl_007.pdf","data_ultima_atualizacao":"2021-05-03T09:36:51.068761-03:00","ip":"187.19.167.66","ultima_edicao":"2021-05-03T09:36:51.005756-03:00","tipo":4,"regime_tramitacao":1,"tipo_origem_externa":null,"local_origem_externa":null,"user":133,"anexadas":[45546,45451,45710],"autores":[81]}