{"id":48668,"__str__":"REQUERIMENTO n\u00ba 3419 de 2021","metadata":{},"numero":3419,"ano":2021,"numero_protocolo":2915,"data_apresentacao":"2021-08-31","tipo_apresentacao":"E","data_publicacao":null,"numero_origem_externa":"","ano_origem_externa":null,"data_origem_externa":null,"apelido":"","dias_prazo":null,"data_fim_prazo":null,"em_tramitacao":false,"polemica":false,"objeto":"","complementar":false,"ementa":"REQUER A REALIZA\u00c7\u00c3O DE SESS\u00c3O ESPECIAL EM ALUS\u00c3O AO DIA NACIONAL DE LUTA DAS  PESSOAS COM DEFICI\u00caNCIA","indexacao":"","observacao":"","resultado":"","texto_original":"https://sapl.campinagrande.pb.leg.br/media/sapl/public/materialegislativa/2021/48668/req_3419_2021.pdf","data_ultima_atualizacao":"2021-09-02T07:56:56.932499-03:00","ip":"187.19.167.68","ultima_edicao":"2021-08-31T13:34:11.892025-03:00","tipo":11,"regime_tramitacao":1,"tipo_origem_externa":null,"local_origem_externa":null,"user":131,"anexadas":[],"autores":[78]}