{"id":49548,"__str__":"AUT\u00d3GRAFO n\u00ba 203 de 2021","metadata":{},"numero":203,"ano":2021,"numero_protocolo":null,"data_apresentacao":"2021-09-30","tipo_apresentacao":"E","data_publicacao":null,"numero_origem_externa":"","ano_origem_externa":null,"data_origem_externa":null,"apelido":"","dias_prazo":null,"data_fim_prazo":null,"em_tramitacao":true,"polemica":false,"objeto":"","complementar":false,"ementa":"DISP\u00d5E SOBRE ATENDIMENTO PRIORIT\u00c1RIO \u00c0S CRIAN\u00c7AS E/OU QUALQUER PESSOA PORTADORA DE MICROCEFALIA NOS ESTABELECIMENTOS DE SA\u00daDE, SEJAM DE CAR\u00c1TER P\u00daBLICO OU PRIVADO, NO \u00c2MBITO DO MUNIC\u00cdPIO DE CAMPINA GRANDE E D\u00c1 OUTRAS PROVID\u00caNCIAS","indexacao":"","observacao":"","resultado":"","texto_original":"https://sapl.campinagrande.pb.leg.br/media/sapl/public/materialegislativa/2021/49548/aut_203_2021.pdf","data_ultima_atualizacao":"2022-01-03T10:00:36.384025-03:00","ip":"187.19.167.68","ultima_edicao":"2021-10-19T12:29:21.059908-03:00","tipo":15,"regime_tramitacao":1,"tipo_origem_externa":null,"local_origem_externa":null,"user":129,"anexadas":[],"autores":[65]}