{"id":59583,"__str__":"PARECER n\u00ba 90 de 2023","metadata":{},"numero":90,"ano":2023,"numero_protocolo":null,"data_apresentacao":"2023-03-29","tipo_apresentacao":"E","data_publicacao":null,"numero_origem_externa":"","ano_origem_externa":null,"data_origem_externa":null,"apelido":"","dias_prazo":null,"data_fim_prazo":null,"em_tramitacao":false,"polemica":false,"objeto":"","complementar":false,"ementa":"PARECER DA COMISS\u00c3O DE CONSTITUI\u00c7\u00c3O E JUSTI\u00c7A","indexacao":"","observacao":"","resultado":"","texto_original":"https://sapl.campinagrande.pb.leg.br/media/sapl/public/materialegislativa/2023/59583/par_020_2023.pdf","data_ultima_atualizacao":"2023-06-19T09:22:24.877365-03:00","ip":"187.19.167.68","ultima_edicao":"2023-06-12T13:28:54.255823-03:00","tipo":10,"regime_tramitacao":1,"tipo_origem_externa":null,"local_origem_externa":null,"user":129,"anexadas":[],"autores":[91]}