{"id":61762,"__str__":"PROJETO DE LEI n\u00ba 300 de 2023","metadata":{},"numero":300,"ano":2023,"numero_protocolo":4813,"data_apresentacao":"2023-09-15","tipo_apresentacao":"E","data_publicacao":null,"numero_origem_externa":"","ano_origem_externa":null,"data_origem_externa":null,"apelido":"","dias_prazo":null,"data_fim_prazo":null,"em_tramitacao":false,"polemica":false,"objeto":"","complementar":false,"ementa":"INSTITUI A SEMANA MUNICIPAL DA M\u00c3E AT\u00cdPICA E RESPONS\u00c1VEL LEGAL AT\u00cdPICO NO MUNIC\u00cdPIO DE CAMPINA GRANDE E A INTEGRA AO CALEND\u00c1RIO OFICIAL DE EVENTOS DO MUNIC\u00cdPIO E D\u00c1 OUTRAS PROVID\u00caNCIAS","indexacao":"","observacao":"","resultado":"","texto_original":"https://sapl.campinagrande.pb.leg.br/media/sapl/public/materialegislativa/2023/61762/pl_300_2023.pdf","data_ultima_atualizacao":"2025-02-01T16:22:41.129477-03:00","ip":"187.19.167.68","ultima_edicao":"2023-09-15T15:27:18.766923-03:00","tipo":4,"regime_tramitacao":1,"tipo_origem_externa":null,"local_origem_externa":null,"user":154,"anexadas":[],"autores":[86]}