{"id":8055,"__str__":"PROJETO DE LEI n\u00ba 382 de 2019","metadata":{},"numero":382,"ano":2019,"numero_protocolo":null,"data_apresentacao":"2019-10-15","tipo_apresentacao":"E","data_publicacao":null,"numero_origem_externa":"","ano_origem_externa":null,"data_origem_externa":null,"apelido":"","dias_prazo":null,"data_fim_prazo":"2020-12-10","em_tramitacao":false,"polemica":null,"objeto":"","complementar":null,"ementa":"DISP\u00d5E SOBRE A INCLUS\u00c3O DE L\u00cdNGUA BRASILEIRA DE SINAIS _ LIBRAS NA GRADE CURRICULAR DAS ESCOLAS P\u00daBLICAS NA CIDADE DE CAMPINA GRANDE-PB","indexacao":"","observacao":"AUT\u00d3GRAFO N\u00ba 244/2020","resultado":"","texto_original":"https://sapl.campinagrande.pb.leg.br/media/sapl/public/materialegislativa/2019/8055/pastor_luciano_breno_382.pdf","data_ultima_atualizacao":"2020-12-11T10:08:33.686583-03:00","ip":"187.19.167.66","ultima_edicao":"2020-12-11T10:08:33.682849-03:00","tipo":4,"regime_tramitacao":1,"tipo_origem_externa":null,"local_origem_externa":null,"user":37,"anexadas":[43722],"autores":[62]}